{"id":11690,"date":"2020-02-18T16:23:14","date_gmt":"2020-02-18T15:23:14","guid":{"rendered":"https:\/\/i91h9azury.preview.infomaniak.website\/observatoire\/?p=11690"},"modified":"2023-06-01T13:13:18","modified_gmt":"2023-06-01T11:13:18","slug":"des-ideaux-a-la-realite-de-laccompagnement-de-la-grh-dans-la-digitalisation-le-cas-dune-entreprise-industrielle","status":"publish","type":"post","link":"https:\/\/chaire-mai.org\/observatoire\/des-ideaux-a-la-realite-de-laccompagnement-de-la-grh-dans-la-digitalisation-le-cas-dune-entreprise-industrielle\/","title":{"rendered":"Des id\u00e9aux \u00e0 la r\u00e9alit\u00e9 de l\u2019accompagnement de la GRH dans la digitalisation : le cas d\u2019une entreprise industrielle"},"content":{"rendered":"\n<p>La r\u00e9volution digitale transforme in\u00e9luctablement le  travail et les organisations. En cela, elle bouscule les fondamentaux de  la gestion des ressources humaines\u3000: nouveaux m\u00e9tiers, temps acc\u00e9l\u00e9r\u00e9s,  internationalisation des \u00e9quipes, transformation des modes de  management\u2026Cet article se propose d\u2019\u00e9tudier le r\u00f4le de la GRH dans le processus de transformation digitale. Bas\u00e9e sur une \u00e9tude qualitative au sein d\u2019un grand groupe industriel, elle montre plus particuli\u00e8rement que l\u2019accompagnement de la digitalisation par la GRH fait l\u2019objet de deux grands d\u00e9calages \u2013 le premier entre la politique RH et les pratiques mises en \u0153uvre, et le second entre ces pratiques et leurs perceptions par les acteurs op\u00e9rationnels. Ces d\u00e9calages sont de trois registres : organisationnels, relatifs aux ressources engag\u00e9es et enfin li\u00e9s \u00e0 des dimensions humaines. Ce faisant, cet article revient sur l\u2019id\u00e9e commun\u00e9ment partag\u00e9e selon laquelle la digitalisation constituerait une r\u00e9volution dans l\u2019entreprise. Elle montre que la digitalisation fait l\u2019objet des m\u00eames d\u00e9calages que toutes les transformations strat\u00e9giques \u00ab classiques \u00bb. Elle propose, par ailleurs, de comprendre ces d\u00e9calages comme le r\u00e9sultat de \u00ab traductions \u00bb diff\u00e9rentes du dispositif RH d\u2019accompagnement de la digitalisation. La r\u00e9volution digitale transforme in\u00e9luctablement le  travail et les organisations. En cela, elle bouscule les fondamentaux de  la gestion des ressources humaines\u3000: nouveaux m\u00e9tiers, temps acc\u00e9l\u00e9r\u00e9s,  internationalisation des \u00e9quipes, transformation des modes de  management\u2026<\/p>\n\n\n\n<div class=\"wp-block-button aligncenter\"><a class=\"wp-block-button__link has-very-dark-gray-color has-cyan-bluish-gray-background-color has-text-color has-background wp-element-button\" href=\"\">Synth\u00e8se<\/a><\/div>\n\n\n\n<hr class=\"wp-block-separator has-css-opacity\" \/>\n\n\n\n<div class=\"wp-block-button aligncenter\"><a class=\"wp-block-button__link has-very-dark-gray-color has-cyan-bluish-gray-background-color has-text-color has-background wp-element-button\" href=\"https:\/\/dx.doi.org\/10.3917\/grh.191.0011\">Texte acad\u00e9mique<\/a><\/div>\n\n\n\n<p><\/p>\n","protected":false},"excerpt":{"rendered":"<p>La r\u00e9volution digitale transforme in\u00e9luctablement le travail et les organisations. En cela, elle bouscule les fondamentaux de la gestion des ressources humaines\u3000: nouveaux m\u00e9tiers, temps acc\u00e9l\u00e9r\u00e9s, internationalisation des \u00e9quipes, transformation des modes de management\u2026Cet article se propose d\u2019\u00e9tudier le r\u00f4le de la GRH dans le processus de transformation digitale. Bas\u00e9e sur une \u00e9tude qualitative au &#8230; <a title=\"Des id\u00e9aux \u00e0 la r\u00e9alit\u00e9 de l\u2019accompagnement de la GRH dans la digitalisation : le cas d\u2019une entreprise industrielle\" class=\"read-more\" href=\"https:\/\/chaire-mai.org\/observatoire\/des-ideaux-a-la-realite-de-laccompagnement-de-la-grh-dans-la-digitalisation-le-cas-dune-entreprise-industrielle\/\" aria-label=\"En savoir plus sur Des id\u00e9aux \u00e0 la r\u00e9alit\u00e9 de l\u2019accompagnement de la GRH dans la digitalisation : le cas d\u2019une entreprise industrielle\">Lire plus<\/a><\/p>\n","protected":false},"author":8,"featured_media":0,"comment_status":"closed","ping_status":"closed","sticky":false,"template":"","format":"standard","meta":{"_seopress_robots_primary_cat":"","_seopress_titles_title":"","_seopress_titles_desc":"","_seopress_robots_index":"","footnotes":""},"categories":[12],"tags":[],"class_list":["post-11690","post","type-post","status-publish","format-standard","hentry","category-ressources"],"_links":{"self":[{"href":"https:\/\/chaire-mai.org\/observatoire\/wp-json\/wp\/v2\/posts\/11690","targetHints":{"allow":["GET"]}}],"collection":[{"href":"https:\/\/chaire-mai.org\/observatoire\/wp-json\/wp\/v2\/posts"}],"about":[{"href":"https:\/\/chaire-mai.org\/observatoire\/wp-json\/wp\/v2\/types\/post"}],"author":[{"embeddable":true,"href":"https:\/\/chaire-mai.org\/observatoire\/wp-json\/wp\/v2\/users\/8"}],"replies":[{"embeddable":true,"href":"https:\/\/chaire-mai.org\/observatoire\/wp-json\/wp\/v2\/comments?post=11690"}],"version-history":[{"count":1,"href":"https:\/\/chaire-mai.org\/observatoire\/wp-json\/wp\/v2\/posts\/11690\/revisions"}],"predecessor-version":[{"id":11807,"href":"https:\/\/chaire-mai.org\/observatoire\/wp-json\/wp\/v2\/posts\/11690\/revisions\/11807"}],"wp:attachment":[{"href":"https:\/\/chaire-mai.org\/observatoire\/wp-json\/wp\/v2\/media?parent=11690"}],"wp:term":[{"taxonomy":"category","embeddable":true,"href":"https:\/\/chaire-mai.org\/observatoire\/wp-json\/wp\/v2\/categories?post=11690"},{"taxonomy":"post_tag","embeddable":true,"href":"https:\/\/chaire-mai.org\/observatoire\/wp-json\/wp\/v2\/tags?post=11690"}],"curies":[{"name":"wp","href":"https:\/\/api.w.org\/{rel}","templated":true}]}}