{"id":11861,"date":"2024-04-12T16:56:50","date_gmt":"2024-04-12T14:56:50","guid":{"rendered":"https:\/\/chaire-mai.org\/observatoire\/?p=11861"},"modified":"2025-02-02T22:47:20","modified_gmt":"2025-02-02T21:47:20","slug":"cahier-n4-le-pari-de-lautonomie-edition","status":"publish","type":"post","link":"https:\/\/chaire-mai.org\/observatoire\/cahier-n4-le-pari-de-lautonomie-edition\/","title":{"rendered":"CAHIER N\u00b04 \u2013 Avril 2024 &#8211; Le pari de l\u2019autonomie"},"content":{"rendered":"\n<p>Dans ce nouveau cahier, plus de dix contributions d&rsquo;analystes, DRH, \u00e9lus syndicaux et chercheurs, s\u2019articulent autour de questions essentielles : \u00c0 quel niveau d\u00e9cide-t-on du degr\u00e9 d\u2019autonomie ? Peut-on vraiment parler d\u2019autonomie, quand c\u2019est l\u2019entreprise qui en d\u00e9finit les contours ? Quel impact de la digitalisation sur l\u2019autonomie ? L\u2019autonomie est-elle un objet de dialogue social ? Si oui, quelle articulation entre dialogue professionnel et dialogue institutionnel ?<\/p>\n\n\n\n<p>Dans la continuit\u00e9 du cadrage acad\u00e9mique de <a href=\"https:\/\/www.linkedin.com\/in\/camille-ledoux-b6762729\/\">Camille Ledoux<\/a>, doctorant en sciences de gestion \u00e0 <a href=\"https:\/\/www.linkedin.com\/company\/iae-paris-sorbonne\/\">IAE Paris \u2013 Sorbonne Business School<\/a>,&nbsp;qui pose clairement les contours et enjeux de l\u2019autonomie, plus de dix contributions d\u2019analystes, DRH, \u00e9lus syndicaux et chercheurs s\u2019articulent autour de questions essentielles : \u00c0 quel niveau d\u00e9cide-t-on du degr\u00e9 d\u2019autonomie ? Peut-on vraiment parler d\u2019autonomie, quand c\u2019est l\u2019entreprise qui en d\u00e9finit les contours ? Quel impact de la digitalisation sur l\u2019autonomie ? L\u2019autonomie est-elle un objet de dialogue social ? Si oui, quelle articulation entre dialogue professionnel et dialogue institutionnel ? \u2026<\/p>\n\n\n\n<p>Ce cahier propose ensuite 3 retours d\u2019exp\u00e9rience d\u2019autonomisation chez <a href=\"https:\/\/www.linkedin.com\/company\/renaultgroup\/\">Renault Group<\/a>, <a href=\"https:\/\/www.linkedin.com\/company\/francetravail\/\">France Travail<\/a> et <a href=\"https:\/\/www.linkedin.com\/company\/enedis\/\">Enedis<\/a> pour nourrir la r\u00e9flexion des entreprises et des organisations sur l\u2019autonomie comme l\u2019un des outils de performance \u00e9conomique et sociale. Pour conclure ce cahier, Jean-Dominique Senard inscrit l\u2019autonomie dans un processus de responsabilisation en soulignant que si elle contribue \u00e0 donner du sens individuel au travail, elle doit \u00eatre enrichie par du sens collectif.<\/p>\n\n\n\n<p><em>Pour lire l&rsquo;ensemble du Cahier, nous vous invitons \u00e0 cliquer ce <\/em><a href=\"https:\/\/www.gesim.fr\/index.php?id=187\" target=\"_blank\" rel=\"noreferrer noopener\">lien<\/a> <em>!<\/em><\/p>\n\n\n\n<p><\/p>\n","protected":false},"excerpt":{"rendered":"<p>Dans ce nouveau cahier, plus de dix contributions d&rsquo;analystes, DRH, \u00e9lus syndicaux et chercheurs, s\u2019articulent autour de questions essentielles : \u00c0 quel niveau d\u00e9cide-t-on du degr\u00e9 d\u2019autonomie ? Peut-on vraiment parler d\u2019autonomie, quand c\u2019est l\u2019entreprise qui en d\u00e9finit les contours ? Quel impact de la digitalisation sur l\u2019autonomie ? L\u2019autonomie est-elle un objet de dialogue &#8230; <a title=\"CAHIER N\u00b04 \u2013 Avril 2024 &#8211; Le pari de l\u2019autonomie\" class=\"read-more\" href=\"https:\/\/chaire-mai.org\/observatoire\/cahier-n4-le-pari-de-lautonomie-edition\/\" aria-label=\"En savoir plus sur CAHIER N\u00b04 \u2013 Avril 2024 &#8211; Le pari de l\u2019autonomie\">Lire plus<\/a><\/p>\n","protected":false},"author":2,"featured_media":11963,"comment_status":"closed","ping_status":"closed","sticky":false,"template":"","format":"standard","meta":{"_seopress_robots_primary_cat":"","_seopress_titles_title":"","_seopress_titles_desc":"","_seopress_robots_index":"","footnotes":""},"categories":[11],"tags":[],"class_list":["post-11861","post","type-post","status-publish","format-standard","has-post-thumbnail","hentry","category-cahiers-de-lipsi"],"_links":{"self":[{"href":"https:\/\/chaire-mai.org\/observatoire\/wp-json\/wp\/v2\/posts\/11861","targetHints":{"allow":["GET"]}}],"collection":[{"href":"https:\/\/chaire-mai.org\/observatoire\/wp-json\/wp\/v2\/posts"}],"about":[{"href":"https:\/\/chaire-mai.org\/observatoire\/wp-json\/wp\/v2\/types\/post"}],"author":[{"embeddable":true,"href":"https:\/\/chaire-mai.org\/observatoire\/wp-json\/wp\/v2\/users\/2"}],"replies":[{"embeddable":true,"href":"https:\/\/chaire-mai.org\/observatoire\/wp-json\/wp\/v2\/comments?post=11861"}],"version-history":[{"count":8,"href":"https:\/\/chaire-mai.org\/observatoire\/wp-json\/wp\/v2\/posts\/11861\/revisions"}],"predecessor-version":[{"id":11965,"href":"https:\/\/chaire-mai.org\/observatoire\/wp-json\/wp\/v2\/posts\/11861\/revisions\/11965"}],"wp:featuredmedia":[{"embeddable":true,"href":"https:\/\/chaire-mai.org\/observatoire\/wp-json\/wp\/v2\/media\/11963"}],"wp:attachment":[{"href":"https:\/\/chaire-mai.org\/observatoire\/wp-json\/wp\/v2\/media?parent=11861"}],"wp:term":[{"taxonomy":"category","embeddable":true,"href":"https:\/\/chaire-mai.org\/observatoire\/wp-json\/wp\/v2\/categories?post=11861"},{"taxonomy":"post_tag","embeddable":true,"href":"https:\/\/chaire-mai.org\/observatoire\/wp-json\/wp\/v2\/tags?post=11861"}],"curies":[{"name":"wp","href":"https:\/\/api.w.org\/{rel}","templated":true}]}}